{"id":1109,"date":"2017-03-04T18:23:58","date_gmt":"2017-03-04T17:23:58","guid":{"rendered":"https:\/\/bergs.biz\/blog\/?p=1109"},"modified":"2017-10-01T21:44:33","modified_gmt":"2017-10-01T19:44:33","slug":"becker-ready-50-autoladekabel-seziert","status":"publish","type":"post","link":"https:\/\/bergs.biz\/blog\/2017\/03\/04\/becker-ready-50-autoladekabel-seziert\/","title":{"rendered":"Becker Ready 50-Autoladekabel &#8220;seziert&#8221;"},"content":{"rendered":"<p>Nach etwa zweieinhalb Jahren hat sich nun das Autoladekabel (Typ &#8220;<a href=\"https:\/\/www.amazon.de\/dp\/B005TFF77C\/ref=as_li_ss_il?ie=UTF8&amp;linkCode=li1&amp;tag=bergsbiz-21&amp;linkId=4b701759b33ba383697ea1747a16ade0\" target=\"_blank\">Mitac cac-051-00u-29<\/a>&#8220;) f\u00fcr unser <a href=\"http:\/\/amzn.to\/2fI4n4D\" target=\"_blank\">Becker Ready 50<\/a>-Navi &#8220;verabschiedet&#8221; &#8212; es l\u00e4dt das Ger\u00e4t nicht mehr auf, obwohl noch die obere rote Lampe leuchtet, wenn der Stecker in der Zigarettenanz\u00fcnder-Steckdose steckt. \ud83d\ude41<\/p>\n<p>Das Problem liegt definitiv am Ladekabel oder der Elektronik im Zigarettenanz\u00fcnder-Stecker, denn mit einem anderen Micro-USB-Kabel\/Ladeger\u00e4t l\u00e4sst sich das Navi problemlos laden.<\/p>\n<p>Um auszuschlie\u00dfen dass es sich um ein mechanisches Problem handelt (Micro-USB-Stecker zu locker in der entsprechenden Buchse im Navi) habe ich sowohl das Micro-USB-Steckergeh\u00e4use als auch die beiden &#8220;Krallen&#8221; dort nachgebogen. Der Stecker steckte danach in der Tat etwas &#8220;strammer&#8221; (wobei er vorher auch nicht gerade auff\u00e4llig locker sa\u00df!) in der Buchse, das Navi lud aber nach wie vor nicht.<\/p>\n<p>Also \u00f6ffnete ich den Stecker, um vielleicht irgendein offensichtliches Problem zu entdecken. Der Stecker enth\u00e4lt eine Platine die best\u00fcckt ist mit einem SMT-IC, drei Elkos, einer Induktivit\u00e4t sowie einer Drossel, einiger Dioden, sowie einer ganzen Reihe von SMT-Widerst\u00e4nden und -Kondensatoren. Das IC und die angrenzende Diode war mit einem &#8220;Pad&#8221; abgedeckt, bei dem es sich m\u00f6glicherweise um ein Silikon-W\u00e4rmeleitpad handelt. Dieses Pad war hellgrau, sehr &#8220;labberig&#8221; und klebrig.<\/p>\n<p>Hier einige Fotos:<\/p>\n<p><a href=\"https:\/\/bergs.biz\/blog\/wp-content\/uploads\/2017\/03\/IMG_2034.jpg\"><img loading=\"lazy\" decoding=\"async\" class=\"aligncenter size-full wp-image-1110\" src=\"https:\/\/bergs.biz\/blog\/wp-content\/uploads\/2017\/03\/IMG_2034.jpg\" alt=\"img_2034\" width=\"800\" height=\"378\" srcset=\"https:\/\/bergs.biz\/blog\/wp-content\/uploads\/2017\/03\/IMG_2034.jpg 800w, https:\/\/bergs.biz\/blog\/wp-content\/uploads\/2017\/03\/IMG_2034-150x71.jpg 150w, https:\/\/bergs.biz\/blog\/wp-content\/uploads\/2017\/03\/IMG_2034-300x142.jpg 300w\" sizes=\"auto, (max-width: 800px) 100vw, 800px\" \/><\/a><\/p>\n<p><a href=\"https:\/\/bergs.biz\/blog\/wp-content\/uploads\/2017\/03\/IMG_2039.jpg\"><img loading=\"lazy\" decoding=\"async\" class=\"aligncenter size-full wp-image-1111\" src=\"https:\/\/bergs.biz\/blog\/wp-content\/uploads\/2017\/03\/IMG_2039.jpg\" alt=\"img_2039\" width=\"800\" height=\"369\" srcset=\"https:\/\/bergs.biz\/blog\/wp-content\/uploads\/2017\/03\/IMG_2039.jpg 800w, https:\/\/bergs.biz\/blog\/wp-content\/uploads\/2017\/03\/IMG_2039-150x69.jpg 150w, https:\/\/bergs.biz\/blog\/wp-content\/uploads\/2017\/03\/IMG_2039-300x138.jpg 300w\" sizes=\"auto, (max-width: 800px) 100vw, 800px\" \/><\/a><\/p>\n<p><a href=\"https:\/\/bergs.biz\/blog\/wp-content\/uploads\/2017\/03\/IMG_2050.jpg\"><img loading=\"lazy\" decoding=\"async\" class=\"aligncenter size-large wp-image-1115\" src=\"https:\/\/bergs.biz\/blog\/wp-content\/uploads\/2017\/03\/IMG_2050.jpg\" alt=\"img_2050\" width=\"474\" height=\"206\" srcset=\"https:\/\/bergs.biz\/blog\/wp-content\/uploads\/2017\/03\/IMG_2050.jpg 800w, https:\/\/bergs.biz\/blog\/wp-content\/uploads\/2017\/03\/IMG_2050-150x65.jpg 150w, https:\/\/bergs.biz\/blog\/wp-content\/uploads\/2017\/03\/IMG_2050-300x131.jpg 300w\" sizes=\"auto, (max-width: 474px) 100vw, 474px\" \/><\/a><\/p>\n<p><a href=\"https:\/\/bergs.biz\/blog\/wp-content\/uploads\/2017\/03\/IMG_2044.jpg\"><img loading=\"lazy\" decoding=\"async\" class=\"aligncenter size-large wp-image-1112\" src=\"https:\/\/bergs.biz\/blog\/wp-content\/uploads\/2017\/03\/IMG_2044.jpg\" alt=\"img_2044\" width=\"474\" height=\"220\" srcset=\"https:\/\/bergs.biz\/blog\/wp-content\/uploads\/2017\/03\/IMG_2044.jpg 800w, https:\/\/bergs.biz\/blog\/wp-content\/uploads\/2017\/03\/IMG_2044-150x70.jpg 150w, https:\/\/bergs.biz\/blog\/wp-content\/uploads\/2017\/03\/IMG_2044-300x139.jpg 300w\" sizes=\"auto, (max-width: 474px) 100vw, 474px\" \/><\/a><\/p>\n<p><a href=\"https:\/\/bergs.biz\/blog\/wp-content\/uploads\/2017\/03\/IMG_2045.jpg\"><img loading=\"lazy\" decoding=\"async\" class=\"aligncenter size-large wp-image-1113\" src=\"https:\/\/bergs.biz\/blog\/wp-content\/uploads\/2017\/03\/IMG_2045.jpg\" alt=\"img_2045\" width=\"474\" height=\"199\" srcset=\"https:\/\/bergs.biz\/blog\/wp-content\/uploads\/2017\/03\/IMG_2045.jpg 800w, https:\/\/bergs.biz\/blog\/wp-content\/uploads\/2017\/03\/IMG_2045-150x63.jpg 150w, https:\/\/bergs.biz\/blog\/wp-content\/uploads\/2017\/03\/IMG_2045-300x126.jpg 300w\" sizes=\"auto, (max-width: 474px) 100vw, 474px\" \/><\/a><\/p>\n<p><a href=\"https:\/\/bergs.biz\/blog\/wp-content\/uploads\/2017\/03\/IMG_2048.jpg\"><img loading=\"lazy\" decoding=\"async\" class=\"aligncenter size-large wp-image-1114\" src=\"https:\/\/bergs.biz\/blog\/wp-content\/uploads\/2017\/03\/IMG_2048.jpg\" alt=\"img_2048\" width=\"474\" height=\"340\" srcset=\"https:\/\/bergs.biz\/blog\/wp-content\/uploads\/2017\/03\/IMG_2048.jpg 800w, https:\/\/bergs.biz\/blog\/wp-content\/uploads\/2017\/03\/IMG_2048-150x108.jpg 150w, https:\/\/bergs.biz\/blog\/wp-content\/uploads\/2017\/03\/IMG_2048-300x215.jpg 300w\" sizes=\"auto, (max-width: 474px) 100vw, 474px\" \/><\/a><\/p>\n<p>Die Elkos waren zumindest nicht offensichtlich defekt, sie waren nicht &#8220;geplatzt&#8221;, und es war auch kein Elektrolyt ausgetreten.<\/p>\n<p>Da ich im Augenblick keine M\u00f6glichkeit habe etwas zu messen, endete an dieser Stelle meine kleine Untersuchung. Ich habe nun ein <a href=\"https:\/\/www.amazon.de\/dp\/B005TFF77C\/ref=as_li_ss_il?ie=UTF8&amp;linkCode=li1&amp;tag=bergsbiz-21&amp;linkId=4b701759b33ba383697ea1747a16ade0\" target=\"_blank\">neues Ladekabel<\/a> bestellt, f\u00fcr sage und schreibe gut 20 Euro. Scheinbar passiert es sehr h\u00e4ufig dass das Ladekabel kaputt geht, wie man in den Bewertungen bei Amazon lesen kann.<\/p>\n","protected":false},"excerpt":{"rendered":"<p>Becker Ready 50-Autoladekabel &#8220;seziert&#8221;<\/p>\n","protected":false},"author":2,"featured_media":1111,"comment_status":"open","ping_status":"open","sticky":false,"template":"","format":"standard","meta":{"footnotes":""},"categories":[66,12,67],"tags":[247,63,61,62],"class_list":["post-1109","post","type-post","status-publish","format-standard","has-post-thumbnail","hentry","category-consumer-electronics","category-deutsch","category-personal-navigation-devices","tag-elektronik","tag-navi","tag-navigationsgerate","tag-navigationssysteme"],"yoast_head":"<!-- This site is optimized with the Yoast SEO plugin v27.4 - https:\/\/yoast.com\/product\/yoast-seo-wordpress\/ -->\n<title>Becker Ready 50-Autoladekabel &quot;seziert&quot; - Ralf&#039;s Blog<\/title>\n<meta name=\"robots\" content=\"index, follow, max-snippet:-1, max-image-preview:large, max-video-preview:-1\" \/>\n<link rel=\"canonical\" href=\"https:\/\/bergs.biz\/blog\/2017\/03\/04\/becker-ready-50-autoladekabel-seziert\/\" \/>\n<meta property=\"og:locale\" content=\"en_US\" \/>\n<meta property=\"og:type\" content=\"article\" \/>\n<meta property=\"og:title\" content=\"Becker Ready 50-Autoladekabel &quot;seziert&quot; - Ralf&#039;s Blog\" \/>\n<meta property=\"og:description\" content=\"Becker Ready 50-Autoladekabel &quot;seziert&quot;\" \/>\n<meta property=\"og:url\" content=\"https:\/\/bergs.biz\/blog\/2017\/03\/04\/becker-ready-50-autoladekabel-seziert\/\" \/>\n<meta property=\"og:site_name\" content=\"Ralf&#039;s Blog\" \/>\n<meta property=\"article:published_time\" content=\"2017-03-04T17:23:58+00:00\" \/>\n<meta property=\"article:modified_time\" content=\"2017-10-01T19:44:33+00:00\" \/>\n<meta property=\"og:image\" content=\"https:\/\/bergs.biz\/blog\/wp-content\/uploads\/2017\/03\/IMG_2039.jpg\" \/>\n\t<meta property=\"og:image:width\" content=\"800\" \/>\n\t<meta property=\"og:image:height\" content=\"369\" \/>\n\t<meta property=\"og:image:type\" content=\"image\/jpeg\" \/>\n<meta name=\"author\" content=\"Ralf Bergs\" \/>\n<meta name=\"twitter:card\" content=\"summary_large_image\" \/>\n<meta name=\"twitter:creator\" content=\"@ralfbergs\" \/>\n<meta name=\"twitter:site\" content=\"@ralfbergs\" \/>\n<meta name=\"twitter:label1\" content=\"Written by\" \/>\n\t<meta name=\"twitter:data1\" content=\"Ralf Bergs\" \/>\n\t<meta name=\"twitter:label2\" content=\"Est. reading time\" \/>\n\t<meta name=\"twitter:data2\" content=\"1 minute\" \/>\n<script type=\"application\/ld+json\" class=\"yoast-schema-graph\">{\"@context\":\"https:\\\/\\\/schema.org\",\"@graph\":[{\"@type\":\"Article\",\"@id\":\"https:\\\/\\\/bergs.biz\\\/blog\\\/2017\\\/03\\\/04\\\/becker-ready-50-autoladekabel-seziert\\\/#article\",\"isPartOf\":{\"@id\":\"https:\\\/\\\/bergs.biz\\\/blog\\\/2017\\\/03\\\/04\\\/becker-ready-50-autoladekabel-seziert\\\/\"},\"author\":{\"name\":\"Ralf Bergs\",\"@id\":\"https:\\\/\\\/bergs.biz\\\/blog\\\/#\\\/schema\\\/person\\\/354e37390b493c875f972bd313d29201\"},\"headline\":\"Becker Ready 50-Autoladekabel &#8220;seziert&#8221;\",\"datePublished\":\"2017-03-04T17:23:58+00:00\",\"dateModified\":\"2017-10-01T19:44:33+00:00\",\"mainEntityOfPage\":{\"@id\":\"https:\\\/\\\/bergs.biz\\\/blog\\\/2017\\\/03\\\/04\\\/becker-ready-50-autoladekabel-seziert\\\/\"},\"wordCount\":287,\"commentCount\":0,\"publisher\":{\"@id\":\"https:\\\/\\\/bergs.biz\\\/blog\\\/#\\\/schema\\\/person\\\/354e37390b493c875f972bd313d29201\"},\"image\":{\"@id\":\"https:\\\/\\\/bergs.biz\\\/blog\\\/2017\\\/03\\\/04\\\/becker-ready-50-autoladekabel-seziert\\\/#primaryimage\"},\"thumbnailUrl\":\"https:\\\/\\\/bergs.biz\\\/blog\\\/wp-content\\\/uploads\\\/2017\\\/03\\\/IMG_2039.jpg\",\"keywords\":[\"Elektronik\",\"Navi\",\"Navigationsger\u00e4te\",\"Navigationssysteme\"],\"articleSection\":[\"Consumer Electronics\",\"deutsch\",\"Personal Navigation Devices\"],\"inLanguage\":\"en-US\",\"potentialAction\":[{\"@type\":\"CommentAction\",\"name\":\"Comment\",\"target\":[\"https:\\\/\\\/bergs.biz\\\/blog\\\/2017\\\/03\\\/04\\\/becker-ready-50-autoladekabel-seziert\\\/#respond\"]}]},{\"@type\":\"WebPage\",\"@id\":\"https:\\\/\\\/bergs.biz\\\/blog\\\/2017\\\/03\\\/04\\\/becker-ready-50-autoladekabel-seziert\\\/\",\"url\":\"https:\\\/\\\/bergs.biz\\\/blog\\\/2017\\\/03\\\/04\\\/becker-ready-50-autoladekabel-seziert\\\/\",\"name\":\"Becker Ready 50-Autoladekabel \\\"seziert\\\" - Ralf&#039;s Blog\",\"isPartOf\":{\"@id\":\"https:\\\/\\\/bergs.biz\\\/blog\\\/#website\"},\"primaryImageOfPage\":{\"@id\":\"https:\\\/\\\/bergs.biz\\\/blog\\\/2017\\\/03\\\/04\\\/becker-ready-50-autoladekabel-seziert\\\/#primaryimage\"},\"image\":{\"@id\":\"https:\\\/\\\/bergs.biz\\\/blog\\\/2017\\\/03\\\/04\\\/becker-ready-50-autoladekabel-seziert\\\/#primaryimage\"},\"thumbnailUrl\":\"https:\\\/\\\/bergs.biz\\\/blog\\\/wp-content\\\/uploads\\\/2017\\\/03\\\/IMG_2039.jpg\",\"datePublished\":\"2017-03-04T17:23:58+00:00\",\"dateModified\":\"2017-10-01T19:44:33+00:00\",\"breadcrumb\":{\"@id\":\"https:\\\/\\\/bergs.biz\\\/blog\\\/2017\\\/03\\\/04\\\/becker-ready-50-autoladekabel-seziert\\\/#breadcrumb\"},\"inLanguage\":\"en-US\",\"potentialAction\":[{\"@type\":\"ReadAction\",\"target\":[\"https:\\\/\\\/bergs.biz\\\/blog\\\/2017\\\/03\\\/04\\\/becker-ready-50-autoladekabel-seziert\\\/\"]}]},{\"@type\":\"ImageObject\",\"inLanguage\":\"en-US\",\"@id\":\"https:\\\/\\\/bergs.biz\\\/blog\\\/2017\\\/03\\\/04\\\/becker-ready-50-autoladekabel-seziert\\\/#primaryimage\",\"url\":\"https:\\\/\\\/bergs.biz\\\/blog\\\/wp-content\\\/uploads\\\/2017\\\/03\\\/IMG_2039.jpg\",\"contentUrl\":\"https:\\\/\\\/bergs.biz\\\/blog\\\/wp-content\\\/uploads\\\/2017\\\/03\\\/IMG_2039.jpg\",\"width\":800,\"height\":369},{\"@type\":\"BreadcrumbList\",\"@id\":\"https:\\\/\\\/bergs.biz\\\/blog\\\/2017\\\/03\\\/04\\\/becker-ready-50-autoladekabel-seziert\\\/#breadcrumb\",\"itemListElement\":[{\"@type\":\"ListItem\",\"position\":1,\"name\":\"Home\",\"item\":\"https:\\\/\\\/bergs.biz\\\/blog\\\/\"},{\"@type\":\"ListItem\",\"position\":2,\"name\":\"Becker Ready 50-Autoladekabel &#8220;seziert&#8221;\"}]},{\"@type\":\"WebSite\",\"@id\":\"https:\\\/\\\/bergs.biz\\\/blog\\\/#website\",\"url\":\"https:\\\/\\\/bergs.biz\\\/blog\\\/\",\"name\":\"Ralf's Blog\",\"description\":\"Just another WordPress weblog\",\"publisher\":{\"@id\":\"https:\\\/\\\/bergs.biz\\\/blog\\\/#\\\/schema\\\/person\\\/354e37390b493c875f972bd313d29201\"},\"potentialAction\":[{\"@type\":\"SearchAction\",\"target\":{\"@type\":\"EntryPoint\",\"urlTemplate\":\"https:\\\/\\\/bergs.biz\\\/blog\\\/?s={search_term_string}\"},\"query-input\":{\"@type\":\"PropertyValueSpecification\",\"valueRequired\":true,\"valueName\":\"search_term_string\"}}],\"inLanguage\":\"en-US\"},{\"@type\":[\"Person\",\"Organization\"],\"@id\":\"https:\\\/\\\/bergs.biz\\\/blog\\\/#\\\/schema\\\/person\\\/354e37390b493c875f972bd313d29201\",\"name\":\"Ralf Bergs\",\"image\":{\"@type\":\"ImageObject\",\"inLanguage\":\"en-US\",\"@id\":\"https:\\\/\\\/bergs.biz\\\/blog\\\/wp-content\\\/uploads\\\/2026\\\/04\\\/Ralf-Tower-2026-1024x1024.jpg\",\"url\":\"https:\\\/\\\/bergs.biz\\\/blog\\\/wp-content\\\/uploads\\\/2026\\\/04\\\/Ralf-Tower-2026-1024x1024.jpg\",\"contentUrl\":\"https:\\\/\\\/bergs.biz\\\/blog\\\/wp-content\\\/uploads\\\/2026\\\/04\\\/Ralf-Tower-2026-1024x1024.jpg\",\"width\":1024,\"height\":1024,\"caption\":\"Ralf Bergs\"},\"logo\":{\"@id\":\"https:\\\/\\\/bergs.biz\\\/blog\\\/wp-content\\\/uploads\\\/2026\\\/04\\\/Ralf-Tower-2026-1024x1024.jpg\"},\"description\":\"Geek, computer guy, licensed and certified electrical and computer engineer, husband, best daddy.\",\"sameAs\":[\"https:\\\/\\\/bergs.biz\\\/\",\"https:\\\/\\\/linkedin.com\\\/in\\\/ralfbergs\\\/\",\"https:\\\/\\\/x.com\\\/ralfbergs\"],\"url\":\"https:\\\/\\\/bergs.biz\\\/blog\\\/author\\\/rabe\\\/\"}]}<\/script>\n<!-- \/ Yoast SEO plugin. -->","yoast_head_json":{"title":"Becker Ready 50-Autoladekabel \"seziert\" - Ralf&#039;s Blog","robots":{"index":"index","follow":"follow","max-snippet":"max-snippet:-1","max-image-preview":"max-image-preview:large","max-video-preview":"max-video-preview:-1"},"canonical":"https:\/\/bergs.biz\/blog\/2017\/03\/04\/becker-ready-50-autoladekabel-seziert\/","og_locale":"en_US","og_type":"article","og_title":"Becker Ready 50-Autoladekabel \"seziert\" - Ralf&#039;s Blog","og_description":"Becker Ready 50-Autoladekabel \"seziert\"","og_url":"https:\/\/bergs.biz\/blog\/2017\/03\/04\/becker-ready-50-autoladekabel-seziert\/","og_site_name":"Ralf&#039;s Blog","article_published_time":"2017-03-04T17:23:58+00:00","article_modified_time":"2017-10-01T19:44:33+00:00","og_image":[{"width":800,"height":369,"url":"https:\/\/bergs.biz\/blog\/wp-content\/uploads\/2017\/03\/IMG_2039.jpg","type":"image\/jpeg"}],"author":"Ralf Bergs","twitter_card":"summary_large_image","twitter_creator":"@ralfbergs","twitter_site":"@ralfbergs","twitter_misc":{"Written by":"Ralf Bergs","Est. reading time":"1 minute"},"schema":{"@context":"https:\/\/schema.org","@graph":[{"@type":"Article","@id":"https:\/\/bergs.biz\/blog\/2017\/03\/04\/becker-ready-50-autoladekabel-seziert\/#article","isPartOf":{"@id":"https:\/\/bergs.biz\/blog\/2017\/03\/04\/becker-ready-50-autoladekabel-seziert\/"},"author":{"name":"Ralf Bergs","@id":"https:\/\/bergs.biz\/blog\/#\/schema\/person\/354e37390b493c875f972bd313d29201"},"headline":"Becker Ready 50-Autoladekabel &#8220;seziert&#8221;","datePublished":"2017-03-04T17:23:58+00:00","dateModified":"2017-10-01T19:44:33+00:00","mainEntityOfPage":{"@id":"https:\/\/bergs.biz\/blog\/2017\/03\/04\/becker-ready-50-autoladekabel-seziert\/"},"wordCount":287,"commentCount":0,"publisher":{"@id":"https:\/\/bergs.biz\/blog\/#\/schema\/person\/354e37390b493c875f972bd313d29201"},"image":{"@id":"https:\/\/bergs.biz\/blog\/2017\/03\/04\/becker-ready-50-autoladekabel-seziert\/#primaryimage"},"thumbnailUrl":"https:\/\/bergs.biz\/blog\/wp-content\/uploads\/2017\/03\/IMG_2039.jpg","keywords":["Elektronik","Navi","Navigationsger\u00e4te","Navigationssysteme"],"articleSection":["Consumer Electronics","deutsch","Personal Navigation Devices"],"inLanguage":"en-US","potentialAction":[{"@type":"CommentAction","name":"Comment","target":["https:\/\/bergs.biz\/blog\/2017\/03\/04\/becker-ready-50-autoladekabel-seziert\/#respond"]}]},{"@type":"WebPage","@id":"https:\/\/bergs.biz\/blog\/2017\/03\/04\/becker-ready-50-autoladekabel-seziert\/","url":"https:\/\/bergs.biz\/blog\/2017\/03\/04\/becker-ready-50-autoladekabel-seziert\/","name":"Becker Ready 50-Autoladekabel \"seziert\" - Ralf&#039;s Blog","isPartOf":{"@id":"https:\/\/bergs.biz\/blog\/#website"},"primaryImageOfPage":{"@id":"https:\/\/bergs.biz\/blog\/2017\/03\/04\/becker-ready-50-autoladekabel-seziert\/#primaryimage"},"image":{"@id":"https:\/\/bergs.biz\/blog\/2017\/03\/04\/becker-ready-50-autoladekabel-seziert\/#primaryimage"},"thumbnailUrl":"https:\/\/bergs.biz\/blog\/wp-content\/uploads\/2017\/03\/IMG_2039.jpg","datePublished":"2017-03-04T17:23:58+00:00","dateModified":"2017-10-01T19:44:33+00:00","breadcrumb":{"@id":"https:\/\/bergs.biz\/blog\/2017\/03\/04\/becker-ready-50-autoladekabel-seziert\/#breadcrumb"},"inLanguage":"en-US","potentialAction":[{"@type":"ReadAction","target":["https:\/\/bergs.biz\/blog\/2017\/03\/04\/becker-ready-50-autoladekabel-seziert\/"]}]},{"@type":"ImageObject","inLanguage":"en-US","@id":"https:\/\/bergs.biz\/blog\/2017\/03\/04\/becker-ready-50-autoladekabel-seziert\/#primaryimage","url":"https:\/\/bergs.biz\/blog\/wp-content\/uploads\/2017\/03\/IMG_2039.jpg","contentUrl":"https:\/\/bergs.biz\/blog\/wp-content\/uploads\/2017\/03\/IMG_2039.jpg","width":800,"height":369},{"@type":"BreadcrumbList","@id":"https:\/\/bergs.biz\/blog\/2017\/03\/04\/becker-ready-50-autoladekabel-seziert\/#breadcrumb","itemListElement":[{"@type":"ListItem","position":1,"name":"Home","item":"https:\/\/bergs.biz\/blog\/"},{"@type":"ListItem","position":2,"name":"Becker Ready 50-Autoladekabel &#8220;seziert&#8221;"}]},{"@type":"WebSite","@id":"https:\/\/bergs.biz\/blog\/#website","url":"https:\/\/bergs.biz\/blog\/","name":"Ralf's Blog","description":"Just another WordPress weblog","publisher":{"@id":"https:\/\/bergs.biz\/blog\/#\/schema\/person\/354e37390b493c875f972bd313d29201"},"potentialAction":[{"@type":"SearchAction","target":{"@type":"EntryPoint","urlTemplate":"https:\/\/bergs.biz\/blog\/?s={search_term_string}"},"query-input":{"@type":"PropertyValueSpecification","valueRequired":true,"valueName":"search_term_string"}}],"inLanguage":"en-US"},{"@type":["Person","Organization"],"@id":"https:\/\/bergs.biz\/blog\/#\/schema\/person\/354e37390b493c875f972bd313d29201","name":"Ralf Bergs","image":{"@type":"ImageObject","inLanguage":"en-US","@id":"https:\/\/bergs.biz\/blog\/wp-content\/uploads\/2026\/04\/Ralf-Tower-2026-1024x1024.jpg","url":"https:\/\/bergs.biz\/blog\/wp-content\/uploads\/2026\/04\/Ralf-Tower-2026-1024x1024.jpg","contentUrl":"https:\/\/bergs.biz\/blog\/wp-content\/uploads\/2026\/04\/Ralf-Tower-2026-1024x1024.jpg","width":1024,"height":1024,"caption":"Ralf Bergs"},"logo":{"@id":"https:\/\/bergs.biz\/blog\/wp-content\/uploads\/2026\/04\/Ralf-Tower-2026-1024x1024.jpg"},"description":"Geek, computer guy, licensed and certified electrical and computer engineer, husband, best daddy.","sameAs":["https:\/\/bergs.biz\/","https:\/\/linkedin.com\/in\/ralfbergs\/","https:\/\/x.com\/ralfbergs"],"url":"https:\/\/bergs.biz\/blog\/author\/rabe\/"}]}},"_links":{"self":[{"href":"https:\/\/bergs.biz\/blog\/wp-json\/wp\/v2\/posts\/1109","targetHints":{"allow":["GET"]}}],"collection":[{"href":"https:\/\/bergs.biz\/blog\/wp-json\/wp\/v2\/posts"}],"about":[{"href":"https:\/\/bergs.biz\/blog\/wp-json\/wp\/v2\/types\/post"}],"author":[{"embeddable":true,"href":"https:\/\/bergs.biz\/blog\/wp-json\/wp\/v2\/users\/2"}],"replies":[{"embeddable":true,"href":"https:\/\/bergs.biz\/blog\/wp-json\/wp\/v2\/comments?post=1109"}],"version-history":[{"count":3,"href":"https:\/\/bergs.biz\/blog\/wp-json\/wp\/v2\/posts\/1109\/revisions"}],"predecessor-version":[{"id":1151,"href":"https:\/\/bergs.biz\/blog\/wp-json\/wp\/v2\/posts\/1109\/revisions\/1151"}],"wp:featuredmedia":[{"embeddable":true,"href":"https:\/\/bergs.biz\/blog\/wp-json\/wp\/v2\/media\/1111"}],"wp:attachment":[{"href":"https:\/\/bergs.biz\/blog\/wp-json\/wp\/v2\/media?parent=1109"}],"wp:term":[{"taxonomy":"category","embeddable":true,"href":"https:\/\/bergs.biz\/blog\/wp-json\/wp\/v2\/categories?post=1109"},{"taxonomy":"post_tag","embeddable":true,"href":"https:\/\/bergs.biz\/blog\/wp-json\/wp\/v2\/tags?post=1109"}],"curies":[{"name":"wp","href":"https:\/\/api.w.org\/{rel}","templated":true}]}}