{"id":1348,"date":"2018-08-24T14:52:44","date_gmt":"2018-08-24T12:52:44","guid":{"rendered":"https:\/\/bergs.biz\/blog\/?p=1348"},"modified":"2018-10-27T09:29:06","modified_gmt":"2018-10-27T07:29:06","slug":"ersatzbatterie-fur-apc-back-ups-pro-usv-900-va-br900gi","status":"publish","type":"post","link":"https:\/\/bergs.biz\/blog\/2018\/08\/24\/ersatzbatterie-fur-apc-back-ups-pro-usv-900-va-br900gi\/","title":{"rendered":"Ersatzbatterie f\u00fcr APC Back UPS PRO USV 900 VA &#8211; BR900GI"},"content":{"rendered":"<p>Nach knapp sechs Jahren hat es der originale Akkusatz f\u00fcr meine <a href=\"https:\/\/amzn.to\/2NfO22I\">APC Back UPS PRO (BR900GI)<\/a> nun hinter sich. Ich habe dies nur durch Zufall festgestellt, weil die USV pl\u00f6tzlich hektisch zu &#8220;schnattern&#8221; begann, als ich den angeschlossenen PC benutzte. Mit &#8220;Schnattern&#8221; meine ich ein hektisches, &#8220;abgebrochenes&#8221; Gepiepse, also kein anhaltender oder regelm\u00e4\u00dfiger Piepston.<\/p>\n<p>Ich habe daher den PC herunter gefahren und die USV au\u00dfer Betrieb genommen (abgekabelt). Dabei fiel mir ein unangenehmer Geruch auf. Ich \u00f6ffnete also das Batteriefach und bemerkte, dass die Akkus sehr hei\u00df waren &#8212; so hei\u00df, dass ich sie nicht mehr in der Hand halten konnte. Eine Temperaturmessung ergab rekordverd\u00e4chtige 62,9 \u00b0C:<\/p>\n<p><img loading=\"lazy\" decoding=\"async\" class=\"alignnone size-large wp-image-1349\" src=\"https:\/\/bergs.biz\/blog\/wp-content\/uploads\/2018\/08\/Thermometer-576x1024.jpg\" alt=\"\" width=\"474\" height=\"843\" srcset=\"https:\/\/bergs.biz\/blog\/wp-content\/uploads\/2018\/08\/Thermometer-576x1024.jpg 576w, https:\/\/bergs.biz\/blog\/wp-content\/uploads\/2018\/08\/Thermometer-84x150.jpg 84w, https:\/\/bergs.biz\/blog\/wp-content\/uploads\/2018\/08\/Thermometer-169x300.jpg 169w, https:\/\/bergs.biz\/blog\/wp-content\/uploads\/2018\/08\/Thermometer-768x1365.jpg 768w\" sizes=\"auto, (max-width: 474px) 100vw, 474px\" \/><\/p>\n<p>Ich wage gar nicht dr\u00fcber nachzudenken was passiert w\u00e4re, wenn ich das Versagen der Akkus nicht jetzt bemerkt h\u00e4tte&#8230; \ud83d\ude41<\/p>\n<p>Der Geruch kam wohl scheinbar daher, dass an einem Kontakt schon in geringem Ausma\u00df Batteries\u00e4ure austrat:<\/p>\n<p><img loading=\"lazy\" decoding=\"async\" class=\"alignnone size-large wp-image-1355\" src=\"https:\/\/bergs.biz\/blog\/wp-content\/uploads\/2018\/08\/S\u00e4ureaustritt-1024x576.jpg\" alt=\"\" width=\"474\" height=\"267\" srcset=\"https:\/\/bergs.biz\/blog\/wp-content\/uploads\/2018\/08\/S\u00e4ureaustritt-1024x576.jpg 1024w, https:\/\/bergs.biz\/blog\/wp-content\/uploads\/2018\/08\/S\u00e4ureaustritt-150x84.jpg 150w, https:\/\/bergs.biz\/blog\/wp-content\/uploads\/2018\/08\/S\u00e4ureaustritt-300x169.jpg 300w, https:\/\/bergs.biz\/blog\/wp-content\/uploads\/2018\/08\/S\u00e4ureaustritt-768x432.jpg 768w, https:\/\/bergs.biz\/blog\/wp-content\/uploads\/2018\/08\/S\u00e4ureaustritt.jpg 1620w\" sizes=\"auto, (max-width: 474px) 100vw, 474px\" \/><\/p>\n<p>Obwohl das USB-Kabel der USV mit dem PC verbunden war und die USV von Windows 10 auch erkannt wurde, hat mich Windows nicht \u00fcber den schlechten Zustand der Akkus informiert. \ud83d\ude41<\/p>\n<p><!--more--><\/p>\n<p>Ich muss dabei allerdings gestehen, dass ich die Software des Herstellers, PowerChute Personal Edition, nicht installiert hatte, da diese letzmalig 2012(!) aktualisiert wurde und lediglich in einer 32-Bit-Version vorliegt. Ich hatte unterstellt dass Windows selbst so &#8220;klug&#8221; w\u00e4re, den Zustand der Batterie zu ermitteln, denn diese Batterie der USV wurde mir &#8220;nativ&#8221; in Windows angezeigt, so als handele es sich um einen Laptop&#8230;<\/p>\n<p>Wie auch immer, der originale Batteriesatz von APC (<a href=\"https:\/\/amzn.to\/2PxQTWi\">RBC123<\/a>) kostet fast satte 70 EUR. Wieso also nicht einfach zwei einzelne Batterien kaufen und dabei Geld sparen? Ich habe also zwei Blei-S\u00e4ure-Akkus <a href=\"https:\/\/amzn.to\/2Nd6lW9\"><span id=\"productTitle\" class=\"a-size-large\">WP7.2-12A<\/span><\/a> von Kung Long bestellt &#8212; exakt solche waren auch im Original hinter den Klebeetiketten verborgen:<\/p>\n<p><img loading=\"lazy\" decoding=\"async\" class=\"alignnone size-large wp-image-1351\" src=\"https:\/\/bergs.biz\/blog\/wp-content\/uploads\/2018\/08\/Aufkleber-1024x576.jpg\" alt=\"\" width=\"474\" height=\"267\" srcset=\"https:\/\/bergs.biz\/blog\/wp-content\/uploads\/2018\/08\/Aufkleber-1024x576.jpg 1024w, https:\/\/bergs.biz\/blog\/wp-content\/uploads\/2018\/08\/Aufkleber-150x84.jpg 150w, https:\/\/bergs.biz\/blog\/wp-content\/uploads\/2018\/08\/Aufkleber-300x169.jpg 300w, https:\/\/bergs.biz\/blog\/wp-content\/uploads\/2018\/08\/Aufkleber-768x432.jpg 768w\" sizes=\"auto, (max-width: 474px) 100vw, 474px\" \/><\/p>\n<p><img loading=\"lazy\" decoding=\"async\" class=\"alignnone size-large wp-image-1352\" src=\"https:\/\/bergs.biz\/blog\/wp-content\/uploads\/2018\/08\/Long-Batterie-e1535114823994-1024x576.jpg\" alt=\"\" width=\"474\" height=\"267\" srcset=\"https:\/\/bergs.biz\/blog\/wp-content\/uploads\/2018\/08\/Long-Batterie-e1535114823994-1024x576.jpg 1024w, https:\/\/bergs.biz\/blog\/wp-content\/uploads\/2018\/08\/Long-Batterie-e1535114823994-150x84.jpg 150w, https:\/\/bergs.biz\/blog\/wp-content\/uploads\/2018\/08\/Long-Batterie-e1535114823994-300x169.jpg 300w, https:\/\/bergs.biz\/blog\/wp-content\/uploads\/2018\/08\/Long-Batterie-e1535114823994-768x432.jpg 768w\" sizes=\"auto, (max-width: 474px) 100vw, 474px\" \/><\/p>\n<p>Die auf beiden Seiten angebrachten, stark klebenden Etiketten verbanden die beiden Akkus zu einem Paket. In der Mitte befand sich ein Kunststoffrahmen mit dicken Kabeln, die die beiden 12 Volt-Akkus in Reihe zu einem 24 Volt-Akkupaket verschalteten.<\/p>\n<p>Nach f\u00fcnf Minuten &#8220;Arbeit&#8221; war das neue Akkupaket betriebsbereit. Ich habe es in die USV eingesetzt, und der Ladevorgang startete ohne Probleme. Die USV wird auch seitlich nicht f\u00fchlbar warm, was ich jetzt mal als gutes Zeichen werte. \ud83d\ude09 Die oben erw\u00e4hnte PowerChute-Software habe ich nun tempor\u00e4r auf einem Laptop installiert, und auch sie best\u00e4tigt den Ladevorgang und ordnungsgem\u00e4\u00dfen Zustand der USV, ebenso wie ein durch PowerChute manuell ausgel\u00f6ster Selbsttest.<\/p>\n<p>So einfach habe ich also 25 EUR gespart!<\/p>\n","protected":false},"excerpt":{"rendered":"<p>Nach knapp sechs Jahren hat es der originale Akkusatz f\u00fcr meine APC Back UPS PRO (BR900GI) nun hinter sich. Ich habe dies nur durch Zufall festgestellt, weil die USV pl\u00f6tzlich hektisch zu &#8220;schnattern&#8221; begann, als ich den angeschlossenen PC benutzte. Mit &#8220;Schnattern&#8221; meine ich ein hektisches, &#8220;abgebrochenes&#8221; Gepiepse, also kein anhaltender oder regelm\u00e4\u00dfiger Piepston. Ich [&hellip;]<\/p>\n","protected":false},"author":2,"featured_media":1352,"comment_status":"open","ping_status":"closed","sticky":false,"template":"","format":"standard","meta":{"footnotes":""},"categories":[66,12],"tags":[289,292,291,290],"class_list":["post-1348","post","type-post","status-publish","format-standard","has-post-thumbnail","hentry","category-consumer-electronics","category-deutsch","tag-akku","tag-apc","tag-ups","tag-usv"],"yoast_head":"<!-- This site is optimized with the Yoast SEO plugin v27.4 - https:\/\/yoast.com\/product\/yoast-seo-wordpress\/ -->\n<title>Ersatzbatterie f\u00fcr APC Back UPS PRO USV 900 VA - BR900GI - Ralf&#039;s Blog<\/title>\n<meta name=\"robots\" content=\"index, follow, max-snippet:-1, max-image-preview:large, max-video-preview:-1\" \/>\n<link rel=\"canonical\" href=\"https:\/\/bergs.biz\/blog\/2018\/08\/24\/ersatzbatterie-fur-apc-back-ups-pro-usv-900-va-br900gi\/\" \/>\n<meta property=\"og:locale\" content=\"en_US\" \/>\n<meta property=\"og:type\" content=\"article\" \/>\n<meta property=\"og:title\" content=\"Ersatzbatterie f\u00fcr APC Back UPS PRO USV 900 VA - BR900GI - Ralf&#039;s Blog\" \/>\n<meta property=\"og:description\" content=\"Nach knapp sechs Jahren hat es der originale Akkusatz f\u00fcr meine APC Back UPS PRO (BR900GI) nun hinter sich. Ich habe dies nur durch Zufall festgestellt, weil die USV pl\u00f6tzlich hektisch zu &#8220;schnattern&#8221; begann, als ich den angeschlossenen PC benutzte. Mit &#8220;Schnattern&#8221; meine ich ein hektisches, &#8220;abgebrochenes&#8221; Gepiepse, also kein anhaltender oder regelm\u00e4\u00dfiger Piepston. Ich [&hellip;]\" \/>\n<meta property=\"og:url\" content=\"https:\/\/bergs.biz\/blog\/2018\/08\/24\/ersatzbatterie-fur-apc-back-ups-pro-usv-900-va-br900gi\/\" \/>\n<meta property=\"og:site_name\" content=\"Ralf&#039;s Blog\" \/>\n<meta property=\"article:published_time\" content=\"2018-08-24T12:52:44+00:00\" \/>\n<meta property=\"article:modified_time\" content=\"2018-10-27T07:29:06+00:00\" \/>\n<meta property=\"og:image\" content=\"https:\/\/bergs.biz\/blog\/wp-content\/uploads\/2018\/08\/Long-Batterie-e1535114823994.jpg\" \/>\n\t<meta property=\"og:image:width\" content=\"3840\" \/>\n\t<meta property=\"og:image:height\" content=\"2160\" \/>\n\t<meta property=\"og:image:type\" content=\"image\/jpeg\" \/>\n<meta name=\"author\" content=\"Ralf Bergs\" \/>\n<meta name=\"twitter:card\" content=\"summary_large_image\" \/>\n<meta name=\"twitter:creator\" content=\"@ralfbergs\" \/>\n<meta name=\"twitter:site\" content=\"@ralfbergs\" \/>\n<meta name=\"twitter:label1\" content=\"Written by\" \/>\n\t<meta name=\"twitter:data1\" content=\"Ralf Bergs\" \/>\n\t<meta name=\"twitter:label2\" content=\"Est. reading time\" \/>\n\t<meta name=\"twitter:data2\" content=\"2 minutes\" \/>\n<script type=\"application\/ld+json\" class=\"yoast-schema-graph\">{\"@context\":\"https:\\\/\\\/schema.org\",\"@graph\":[{\"@type\":\"Article\",\"@id\":\"https:\\\/\\\/bergs.biz\\\/blog\\\/2018\\\/08\\\/24\\\/ersatzbatterie-fur-apc-back-ups-pro-usv-900-va-br900gi\\\/#article\",\"isPartOf\":{\"@id\":\"https:\\\/\\\/bergs.biz\\\/blog\\\/2018\\\/08\\\/24\\\/ersatzbatterie-fur-apc-back-ups-pro-usv-900-va-br900gi\\\/\"},\"author\":{\"name\":\"Ralf Bergs\",\"@id\":\"https:\\\/\\\/bergs.biz\\\/blog\\\/#\\\/schema\\\/person\\\/354e37390b493c875f972bd313d29201\"},\"headline\":\"Ersatzbatterie f\u00fcr APC Back UPS PRO USV 900 VA &#8211; BR900GI\",\"datePublished\":\"2018-08-24T12:52:44+00:00\",\"dateModified\":\"2018-10-27T07:29:06+00:00\",\"mainEntityOfPage\":{\"@id\":\"https:\\\/\\\/bergs.biz\\\/blog\\\/2018\\\/08\\\/24\\\/ersatzbatterie-fur-apc-back-ups-pro-usv-900-va-br900gi\\\/\"},\"wordCount\":425,\"commentCount\":0,\"publisher\":{\"@id\":\"https:\\\/\\\/bergs.biz\\\/blog\\\/#\\\/schema\\\/person\\\/354e37390b493c875f972bd313d29201\"},\"image\":{\"@id\":\"https:\\\/\\\/bergs.biz\\\/blog\\\/2018\\\/08\\\/24\\\/ersatzbatterie-fur-apc-back-ups-pro-usv-900-va-br900gi\\\/#primaryimage\"},\"thumbnailUrl\":\"https:\\\/\\\/bergs.biz\\\/blog\\\/wp-content\\\/uploads\\\/2018\\\/08\\\/Long-Batterie-e1535114823994.jpg\",\"keywords\":[\"Akku\",\"APC\",\"UPS\",\"USV\"],\"articleSection\":[\"Consumer Electronics\",\"deutsch\"],\"inLanguage\":\"en-US\",\"potentialAction\":[{\"@type\":\"CommentAction\",\"name\":\"Comment\",\"target\":[\"https:\\\/\\\/bergs.biz\\\/blog\\\/2018\\\/08\\\/24\\\/ersatzbatterie-fur-apc-back-ups-pro-usv-900-va-br900gi\\\/#respond\"]}]},{\"@type\":\"WebPage\",\"@id\":\"https:\\\/\\\/bergs.biz\\\/blog\\\/2018\\\/08\\\/24\\\/ersatzbatterie-fur-apc-back-ups-pro-usv-900-va-br900gi\\\/\",\"url\":\"https:\\\/\\\/bergs.biz\\\/blog\\\/2018\\\/08\\\/24\\\/ersatzbatterie-fur-apc-back-ups-pro-usv-900-va-br900gi\\\/\",\"name\":\"Ersatzbatterie f\u00fcr APC Back UPS PRO USV 900 VA - BR900GI - Ralf&#039;s Blog\",\"isPartOf\":{\"@id\":\"https:\\\/\\\/bergs.biz\\\/blog\\\/#website\"},\"primaryImageOfPage\":{\"@id\":\"https:\\\/\\\/bergs.biz\\\/blog\\\/2018\\\/08\\\/24\\\/ersatzbatterie-fur-apc-back-ups-pro-usv-900-va-br900gi\\\/#primaryimage\"},\"image\":{\"@id\":\"https:\\\/\\\/bergs.biz\\\/blog\\\/2018\\\/08\\\/24\\\/ersatzbatterie-fur-apc-back-ups-pro-usv-900-va-br900gi\\\/#primaryimage\"},\"thumbnailUrl\":\"https:\\\/\\\/bergs.biz\\\/blog\\\/wp-content\\\/uploads\\\/2018\\\/08\\\/Long-Batterie-e1535114823994.jpg\",\"datePublished\":\"2018-08-24T12:52:44+00:00\",\"dateModified\":\"2018-10-27T07:29:06+00:00\",\"breadcrumb\":{\"@id\":\"https:\\\/\\\/bergs.biz\\\/blog\\\/2018\\\/08\\\/24\\\/ersatzbatterie-fur-apc-back-ups-pro-usv-900-va-br900gi\\\/#breadcrumb\"},\"inLanguage\":\"en-US\",\"potentialAction\":[{\"@type\":\"ReadAction\",\"target\":[\"https:\\\/\\\/bergs.biz\\\/blog\\\/2018\\\/08\\\/24\\\/ersatzbatterie-fur-apc-back-ups-pro-usv-900-va-br900gi\\\/\"]}]},{\"@type\":\"ImageObject\",\"inLanguage\":\"en-US\",\"@id\":\"https:\\\/\\\/bergs.biz\\\/blog\\\/2018\\\/08\\\/24\\\/ersatzbatterie-fur-apc-back-ups-pro-usv-900-va-br900gi\\\/#primaryimage\",\"url\":\"https:\\\/\\\/bergs.biz\\\/blog\\\/wp-content\\\/uploads\\\/2018\\\/08\\\/Long-Batterie-e1535114823994.jpg\",\"contentUrl\":\"https:\\\/\\\/bergs.biz\\\/blog\\\/wp-content\\\/uploads\\\/2018\\\/08\\\/Long-Batterie-e1535114823994.jpg\",\"width\":3840,\"height\":2160},{\"@type\":\"BreadcrumbList\",\"@id\":\"https:\\\/\\\/bergs.biz\\\/blog\\\/2018\\\/08\\\/24\\\/ersatzbatterie-fur-apc-back-ups-pro-usv-900-va-br900gi\\\/#breadcrumb\",\"itemListElement\":[{\"@type\":\"ListItem\",\"position\":1,\"name\":\"Home\",\"item\":\"https:\\\/\\\/bergs.biz\\\/blog\\\/\"},{\"@type\":\"ListItem\",\"position\":2,\"name\":\"Ersatzbatterie f\u00fcr APC Back UPS PRO USV 900 VA &#8211; BR900GI\"}]},{\"@type\":\"WebSite\",\"@id\":\"https:\\\/\\\/bergs.biz\\\/blog\\\/#website\",\"url\":\"https:\\\/\\\/bergs.biz\\\/blog\\\/\",\"name\":\"Ralf's Blog\",\"description\":\"Just another WordPress weblog\",\"publisher\":{\"@id\":\"https:\\\/\\\/bergs.biz\\\/blog\\\/#\\\/schema\\\/person\\\/354e37390b493c875f972bd313d29201\"},\"potentialAction\":[{\"@type\":\"SearchAction\",\"target\":{\"@type\":\"EntryPoint\",\"urlTemplate\":\"https:\\\/\\\/bergs.biz\\\/blog\\\/?s={search_term_string}\"},\"query-input\":{\"@type\":\"PropertyValueSpecification\",\"valueRequired\":true,\"valueName\":\"search_term_string\"}}],\"inLanguage\":\"en-US\"},{\"@type\":[\"Person\",\"Organization\"],\"@id\":\"https:\\\/\\\/bergs.biz\\\/blog\\\/#\\\/schema\\\/person\\\/354e37390b493c875f972bd313d29201\",\"name\":\"Ralf Bergs\",\"image\":{\"@type\":\"ImageObject\",\"inLanguage\":\"en-US\",\"@id\":\"https:\\\/\\\/bergs.biz\\\/blog\\\/wp-content\\\/uploads\\\/2026\\\/04\\\/Ralf-Tower-2026-1024x1024.jpg\",\"url\":\"https:\\\/\\\/bergs.biz\\\/blog\\\/wp-content\\\/uploads\\\/2026\\\/04\\\/Ralf-Tower-2026-1024x1024.jpg\",\"contentUrl\":\"https:\\\/\\\/bergs.biz\\\/blog\\\/wp-content\\\/uploads\\\/2026\\\/04\\\/Ralf-Tower-2026-1024x1024.jpg\",\"width\":1024,\"height\":1024,\"caption\":\"Ralf Bergs\"},\"logo\":{\"@id\":\"https:\\\/\\\/bergs.biz\\\/blog\\\/wp-content\\\/uploads\\\/2026\\\/04\\\/Ralf-Tower-2026-1024x1024.jpg\"},\"description\":\"Geek, computer guy, licensed and certified electrical and computer engineer, husband, best daddy.\",\"sameAs\":[\"https:\\\/\\\/bergs.biz\\\/\",\"https:\\\/\\\/linkedin.com\\\/in\\\/ralfbergs\\\/\",\"https:\\\/\\\/x.com\\\/ralfbergs\"],\"url\":\"https:\\\/\\\/bergs.biz\\\/blog\\\/author\\\/rabe\\\/\"}]}<\/script>\n<!-- \/ Yoast SEO plugin. -->","yoast_head_json":{"title":"Ersatzbatterie f\u00fcr APC Back UPS PRO USV 900 VA - BR900GI - Ralf&#039;s Blog","robots":{"index":"index","follow":"follow","max-snippet":"max-snippet:-1","max-image-preview":"max-image-preview:large","max-video-preview":"max-video-preview:-1"},"canonical":"https:\/\/bergs.biz\/blog\/2018\/08\/24\/ersatzbatterie-fur-apc-back-ups-pro-usv-900-va-br900gi\/","og_locale":"en_US","og_type":"article","og_title":"Ersatzbatterie f\u00fcr APC Back UPS PRO USV 900 VA - BR900GI - Ralf&#039;s Blog","og_description":"Nach knapp sechs Jahren hat es der originale Akkusatz f\u00fcr meine APC Back UPS PRO (BR900GI) nun hinter sich. Ich habe dies nur durch Zufall festgestellt, weil die USV pl\u00f6tzlich hektisch zu &#8220;schnattern&#8221; begann, als ich den angeschlossenen PC benutzte. Mit &#8220;Schnattern&#8221; meine ich ein hektisches, &#8220;abgebrochenes&#8221; Gepiepse, also kein anhaltender oder regelm\u00e4\u00dfiger Piepston. Ich [&hellip;]","og_url":"https:\/\/bergs.biz\/blog\/2018\/08\/24\/ersatzbatterie-fur-apc-back-ups-pro-usv-900-va-br900gi\/","og_site_name":"Ralf&#039;s Blog","article_published_time":"2018-08-24T12:52:44+00:00","article_modified_time":"2018-10-27T07:29:06+00:00","og_image":[{"width":3840,"height":2160,"url":"https:\/\/bergs.biz\/blog\/wp-content\/uploads\/2018\/08\/Long-Batterie-e1535114823994.jpg","type":"image\/jpeg"}],"author":"Ralf Bergs","twitter_card":"summary_large_image","twitter_creator":"@ralfbergs","twitter_site":"@ralfbergs","twitter_misc":{"Written by":"Ralf Bergs","Est. reading time":"2 minutes"},"schema":{"@context":"https:\/\/schema.org","@graph":[{"@type":"Article","@id":"https:\/\/bergs.biz\/blog\/2018\/08\/24\/ersatzbatterie-fur-apc-back-ups-pro-usv-900-va-br900gi\/#article","isPartOf":{"@id":"https:\/\/bergs.biz\/blog\/2018\/08\/24\/ersatzbatterie-fur-apc-back-ups-pro-usv-900-va-br900gi\/"},"author":{"name":"Ralf Bergs","@id":"https:\/\/bergs.biz\/blog\/#\/schema\/person\/354e37390b493c875f972bd313d29201"},"headline":"Ersatzbatterie f\u00fcr APC Back UPS PRO USV 900 VA &#8211; BR900GI","datePublished":"2018-08-24T12:52:44+00:00","dateModified":"2018-10-27T07:29:06+00:00","mainEntityOfPage":{"@id":"https:\/\/bergs.biz\/blog\/2018\/08\/24\/ersatzbatterie-fur-apc-back-ups-pro-usv-900-va-br900gi\/"},"wordCount":425,"commentCount":0,"publisher":{"@id":"https:\/\/bergs.biz\/blog\/#\/schema\/person\/354e37390b493c875f972bd313d29201"},"image":{"@id":"https:\/\/bergs.biz\/blog\/2018\/08\/24\/ersatzbatterie-fur-apc-back-ups-pro-usv-900-va-br900gi\/#primaryimage"},"thumbnailUrl":"https:\/\/bergs.biz\/blog\/wp-content\/uploads\/2018\/08\/Long-Batterie-e1535114823994.jpg","keywords":["Akku","APC","UPS","USV"],"articleSection":["Consumer Electronics","deutsch"],"inLanguage":"en-US","potentialAction":[{"@type":"CommentAction","name":"Comment","target":["https:\/\/bergs.biz\/blog\/2018\/08\/24\/ersatzbatterie-fur-apc-back-ups-pro-usv-900-va-br900gi\/#respond"]}]},{"@type":"WebPage","@id":"https:\/\/bergs.biz\/blog\/2018\/08\/24\/ersatzbatterie-fur-apc-back-ups-pro-usv-900-va-br900gi\/","url":"https:\/\/bergs.biz\/blog\/2018\/08\/24\/ersatzbatterie-fur-apc-back-ups-pro-usv-900-va-br900gi\/","name":"Ersatzbatterie f\u00fcr APC Back UPS PRO USV 900 VA - BR900GI - Ralf&#039;s Blog","isPartOf":{"@id":"https:\/\/bergs.biz\/blog\/#website"},"primaryImageOfPage":{"@id":"https:\/\/bergs.biz\/blog\/2018\/08\/24\/ersatzbatterie-fur-apc-back-ups-pro-usv-900-va-br900gi\/#primaryimage"},"image":{"@id":"https:\/\/bergs.biz\/blog\/2018\/08\/24\/ersatzbatterie-fur-apc-back-ups-pro-usv-900-va-br900gi\/#primaryimage"},"thumbnailUrl":"https:\/\/bergs.biz\/blog\/wp-content\/uploads\/2018\/08\/Long-Batterie-e1535114823994.jpg","datePublished":"2018-08-24T12:52:44+00:00","dateModified":"2018-10-27T07:29:06+00:00","breadcrumb":{"@id":"https:\/\/bergs.biz\/blog\/2018\/08\/24\/ersatzbatterie-fur-apc-back-ups-pro-usv-900-va-br900gi\/#breadcrumb"},"inLanguage":"en-US","potentialAction":[{"@type":"ReadAction","target":["https:\/\/bergs.biz\/blog\/2018\/08\/24\/ersatzbatterie-fur-apc-back-ups-pro-usv-900-va-br900gi\/"]}]},{"@type":"ImageObject","inLanguage":"en-US","@id":"https:\/\/bergs.biz\/blog\/2018\/08\/24\/ersatzbatterie-fur-apc-back-ups-pro-usv-900-va-br900gi\/#primaryimage","url":"https:\/\/bergs.biz\/blog\/wp-content\/uploads\/2018\/08\/Long-Batterie-e1535114823994.jpg","contentUrl":"https:\/\/bergs.biz\/blog\/wp-content\/uploads\/2018\/08\/Long-Batterie-e1535114823994.jpg","width":3840,"height":2160},{"@type":"BreadcrumbList","@id":"https:\/\/bergs.biz\/blog\/2018\/08\/24\/ersatzbatterie-fur-apc-back-ups-pro-usv-900-va-br900gi\/#breadcrumb","itemListElement":[{"@type":"ListItem","position":1,"name":"Home","item":"https:\/\/bergs.biz\/blog\/"},{"@type":"ListItem","position":2,"name":"Ersatzbatterie f\u00fcr APC Back UPS PRO USV 900 VA &#8211; BR900GI"}]},{"@type":"WebSite","@id":"https:\/\/bergs.biz\/blog\/#website","url":"https:\/\/bergs.biz\/blog\/","name":"Ralf's Blog","description":"Just another WordPress weblog","publisher":{"@id":"https:\/\/bergs.biz\/blog\/#\/schema\/person\/354e37390b493c875f972bd313d29201"},"potentialAction":[{"@type":"SearchAction","target":{"@type":"EntryPoint","urlTemplate":"https:\/\/bergs.biz\/blog\/?s={search_term_string}"},"query-input":{"@type":"PropertyValueSpecification","valueRequired":true,"valueName":"search_term_string"}}],"inLanguage":"en-US"},{"@type":["Person","Organization"],"@id":"https:\/\/bergs.biz\/blog\/#\/schema\/person\/354e37390b493c875f972bd313d29201","name":"Ralf Bergs","image":{"@type":"ImageObject","inLanguage":"en-US","@id":"https:\/\/bergs.biz\/blog\/wp-content\/uploads\/2026\/04\/Ralf-Tower-2026-1024x1024.jpg","url":"https:\/\/bergs.biz\/blog\/wp-content\/uploads\/2026\/04\/Ralf-Tower-2026-1024x1024.jpg","contentUrl":"https:\/\/bergs.biz\/blog\/wp-content\/uploads\/2026\/04\/Ralf-Tower-2026-1024x1024.jpg","width":1024,"height":1024,"caption":"Ralf Bergs"},"logo":{"@id":"https:\/\/bergs.biz\/blog\/wp-content\/uploads\/2026\/04\/Ralf-Tower-2026-1024x1024.jpg"},"description":"Geek, computer guy, licensed and certified electrical and computer engineer, husband, best daddy.","sameAs":["https:\/\/bergs.biz\/","https:\/\/linkedin.com\/in\/ralfbergs\/","https:\/\/x.com\/ralfbergs"],"url":"https:\/\/bergs.biz\/blog\/author\/rabe\/"}]}},"_links":{"self":[{"href":"https:\/\/bergs.biz\/blog\/wp-json\/wp\/v2\/posts\/1348","targetHints":{"allow":["GET"]}}],"collection":[{"href":"https:\/\/bergs.biz\/blog\/wp-json\/wp\/v2\/posts"}],"about":[{"href":"https:\/\/bergs.biz\/blog\/wp-json\/wp\/v2\/types\/post"}],"author":[{"embeddable":true,"href":"https:\/\/bergs.biz\/blog\/wp-json\/wp\/v2\/users\/2"}],"replies":[{"embeddable":true,"href":"https:\/\/bergs.biz\/blog\/wp-json\/wp\/v2\/comments?post=1348"}],"version-history":[{"count":4,"href":"https:\/\/bergs.biz\/blog\/wp-json\/wp\/v2\/posts\/1348\/revisions"}],"predecessor-version":[{"id":1357,"href":"https:\/\/bergs.biz\/blog\/wp-json\/wp\/v2\/posts\/1348\/revisions\/1357"}],"wp:featuredmedia":[{"embeddable":true,"href":"https:\/\/bergs.biz\/blog\/wp-json\/wp\/v2\/media\/1352"}],"wp:attachment":[{"href":"https:\/\/bergs.biz\/blog\/wp-json\/wp\/v2\/media?parent=1348"}],"wp:term":[{"taxonomy":"category","embeddable":true,"href":"https:\/\/bergs.biz\/blog\/wp-json\/wp\/v2\/categories?post=1348"},{"taxonomy":"post_tag","embeddable":true,"href":"https:\/\/bergs.biz\/blog\/wp-json\/wp\/v2\/tags?post=1348"}],"curies":[{"name":"wp","href":"https:\/\/api.w.org\/{rel}","templated":true}]}}